{"id":1767,"date":"2019-12-16T11:38:50","date_gmt":"2019-12-16T09:38:50","guid":{"rendered":"http:\/\/www.dosacordes.es\/web\/?p=1767"},"modified":"2026-03-17T12:22:21","modified_gmt":"2026-03-17T11:22:21","slug":"metodologia-smart-marca-los-objetivos-en-la-preparacion-de-oposiciones","status":"publish","type":"post","link":"https:\/\/old.dosacordes.es\/web\/metodologia-smart-marca-los-objetivos-en-la-preparacion-de-oposiciones\/","title":{"rendered":"Metodolog\u00eda Smart: marca los objetivos en la preparaci\u00f3n de oposiciones"},"content":{"rendered":"\n<h2 class=\"wp-block-heading\"><strong>\u00bfConoces el m\u00e9todo Smart? Util\u00edzala en la <a href=\"https:\/\/academia.dosacordes.es\/\">preparaci\u00f3n de oposiciones<\/a><\/strong><\/h2>\n\n\n\n<p>Cuando nos referimos a la<strong> metodolog\u00eda Smart, <\/strong>hablamos de una herramienta que nos permite\ndefinir un objetivo (o una serie de objetivos) de manera inteligente. Se trata\nde una herramienta&nbsp; muy utilizada en el\n\u00e1mbito empresarial, pero que tambi\u00e9n se puede extender a otros \u00e1mbitos, como la\n<strong>preparaci\u00f3n de oposiciones.<\/strong> <\/p>\n\n\n\n<p>Y, en este art\u00edculo queremos profundizar en ello. As\u00ed\na continuaci\u00f3n os mostramos los pasos para poder utilizar este m\u00e9todo:<\/p>\n\n\n\n<!--more-->\n\n\n\n<div class=\"wp-block-image\"><figure class=\"aligncenter size-large is-resized\"><img loading=\"lazy\" decoding=\"async\" src=\"http:\/\/www.dosacordes.es\/web\/wp-content\/uploads\/2019\/12\/mug-3403963_1920-1024x683.jpg\" alt=\"\" class=\"wp-image-1769\" width=\"512\" height=\"342\" srcset=\"https:\/\/old.dosacordes.es\/web\/wp-content\/uploads\/2019\/12\/mug-3403963_1920-1024x683.jpg 1024w, https:\/\/old.dosacordes.es\/web\/wp-content\/uploads\/2019\/12\/mug-3403963_1920-416x277.jpg 416w, https:\/\/old.dosacordes.es\/web\/wp-content\/uploads\/2019\/12\/mug-3403963_1920-300x200.jpg 300w, https:\/\/old.dosacordes.es\/web\/wp-content\/uploads\/2019\/12\/mug-3403963_1920-1536x1024.jpg 1536w, https:\/\/old.dosacordes.es\/web\/wp-content\/uploads\/2019\/12\/mug-3403963_1920-272x182.jpg 272w, https:\/\/old.dosacordes.es\/web\/wp-content\/uploads\/2019\/12\/mug-3403963_1920.jpg 1920w\" sizes=\"(max-width: 512px) 100vw, 512px\" \/><\/figure><\/div>\n\n\n\n<h3 class=\"has-text-align-center wp-block-heading\"><strong>S (specific)\nespec\u00edfico<\/strong><\/h3>\n\n\n\n<p>Los objetivos que marquemos en nuestra <strong>preparaci\u00f3n de oposiciones<\/strong> deben ser\nespec\u00edficos. No se trata de definir un objetivo gen\u00e9rico como puede ser \u201cestudiar\nm\u00e1s horas\u201d, \u201cleer m\u00e1s temas\u201d\u2026 Sino que tendremos que ser lo m\u00e1s concretos\nposibles. Pongamos ejemplos:<\/p>\n\n\n\n<ul><li>Estudiar el tema 36 en la primera semana de Marzo. <\/li><li>Hacer un caso pr\u00e1ctico en 1 hora y media. <\/li><li>Hacer una exposici\u00f3n del tema en 1 hora. <\/li><\/ul>\n\n\n\n<h3 class=\"has-text-align-center wp-block-heading\"><strong>M (measurable) medibles <\/strong><\/h3>\n\n\n\n<p>Cuando marcamos nuestros objetivos tambi\u00e9n\ntendremos que tener en cuenta que estos deben poder medirse y cuantificarse. En\nrelaci\u00f3n a los objetivos marcados en el apartado anterior vemos que todos se\npueden medir. <\/p>\n\n\n\n<p>Hablemos de otros como por ejemplo: <\/p>\n\n\n\n<ul><li>Preparar 45 temas en profundidad. <\/li><li>Hacer 20 ejemplos de casos pr\u00e1cticos antes\ndel examen. <\/li><li>Estudiar 15 temas antes de Navidad. <\/li><\/ul>\n\n\n\n<h3 class=\"has-text-align-center wp-block-heading\"><strong>A (attainable): alcanzable<\/strong><\/h3>\n\n\n\n<p>Uno de los puntos m\u00e1s importantes en la<strong> preparaci\u00f3n de las oposiciones<\/strong>,\nnuestros objetivos tienen que ser realistas o alcanzables. Todos&nbsp; tenemos que ser conscientes de nuestras\ncapacidades (memoria, retenci\u00f3n, etc.) y nuestras circunstancias (tiempo del\nque dispondremos para el estudio). Y, bajo estas premisas marcaremos nuestras\nmetas. <\/p>\n\n\n\n<p>Habr\u00e1 estudiantes que se marquen ir a por\nla plaza, mientras que otros querr\u00e1n aprobar el primer examen y entrar en\nlistas de sustituci\u00f3n. Otros podr\u00e1n llevar estudiados el 80% de los temas, mientras\nque otros solo el 25%&#8230; &nbsp;<\/p>\n\n\n\n<div class=\"wp-block-image\"><figure class=\"aligncenter size-large is-resized\"><img loading=\"lazy\" decoding=\"async\" src=\"http:\/\/www.dosacordes.es\/web\/wp-content\/uploads\/2019\/12\/cubes-3383459_1920-1024x563.jpg\" alt=\"\" class=\"wp-image-1770\" width=\"512\" height=\"282\" srcset=\"https:\/\/old.dosacordes.es\/web\/wp-content\/uploads\/2019\/12\/cubes-3383459_1920-1024x563.jpg 1024w, https:\/\/old.dosacordes.es\/web\/wp-content\/uploads\/2019\/12\/cubes-3383459_1920-416x229.jpg 416w, https:\/\/old.dosacordes.es\/web\/wp-content\/uploads\/2019\/12\/cubes-3383459_1920-300x165.jpg 300w, https:\/\/old.dosacordes.es\/web\/wp-content\/uploads\/2019\/12\/cubes-3383459_1920-1536x845.jpg 1536w, https:\/\/old.dosacordes.es\/web\/wp-content\/uploads\/2019\/12\/cubes-3383459_1920.jpg 1920w\" sizes=\"(max-width: 512px) 100vw, 512px\" \/><\/figure><\/div>\n\n\n\n<h3 class=\"has-text-align-center wp-block-heading\"><strong>R (relevant) relevante <\/strong><\/h3>\n\n\n\n<p>Las metas que nos hayamos marcado deben\nser lo suficientemente importantes o relevantes como para ir a por ellas. De\nesta manera, marcar como objetivos \u201cconseguir una plaza\u201d o \u201centrar en listas de\ninterinidades\u201d se convertir\u00e1 en un factor de influencia en nuestras vidas. &nbsp;<\/p>\n\n\n\n<h3 class=\"has-text-align-center wp-block-heading\"><strong>T (timeline) tener medida de tiempo <\/strong><\/h3>\n\n\n\n<p>Por \u00faltimo, para<strong> <a href=\"https:\/\/academia.dosacordes.es\/\">preparar oposiciones <\/a><\/strong>es muy importante poder medir los objetivos en el tiempo. Es decir, tendremos que planificar todo con calendario\u2026 Estudiar \u201cx\u201d temas antes de Enero, conseguir baremo de cursos antes de Navidad, etc. <\/p>\n\n\n\n<p>En nuestra<strong> <a href=\"http:\/\/www.dosacordes.es\/web\/\">academia de oposiciones<\/a> <\/strong>te ayudaremos en este punto, ya que establecemos la planificaci\u00f3n del temario y te guiamos para conseguir cumplirla. <\/p>\n","protected":false},"excerpt":{"rendered":"<p>\u00bfConoces el m\u00e9todo Smart? Util\u00edzala en la preparaci\u00f3n de oposiciones Cuando nos referimos a la metodolog\u00eda Smart, hablamos de una herramienta que nos permite definir un objetivo (o una serie de objetivos) de manera inteligente. Se trata de una herramienta&nbsp; muy utilizada en el \u00e1mbito empresarial, pero que tambi\u00e9n se puede extender a otros \u00e1mbitos, [&hellip;]<\/p>\n","protected":false},"author":7,"featured_media":1768,"comment_status":"closed","ping_status":"closed","sticky":false,"template":"","format":"standard","meta":{"footnotes":""},"categories":[4409],"tags":[107,196,197],"_links":{"self":[{"href":"https:\/\/old.dosacordes.es\/web\/wp-json\/wp\/v2\/posts\/1767"}],"collection":[{"href":"https:\/\/old.dosacordes.es\/web\/wp-json\/wp\/v2\/posts"}],"about":[{"href":"https:\/\/old.dosacordes.es\/web\/wp-json\/wp\/v2\/types\/post"}],"author":[{"embeddable":true,"href":"https:\/\/old.dosacordes.es\/web\/wp-json\/wp\/v2\/users\/7"}],"replies":[{"embeddable":true,"href":"https:\/\/old.dosacordes.es\/web\/wp-json\/wp\/v2\/comments?post=1767"}],"version-history":[{"count":2,"href":"https:\/\/old.dosacordes.es\/web\/wp-json\/wp\/v2\/posts\/1767\/revisions"}],"predecessor-version":[{"id":1772,"href":"https:\/\/old.dosacordes.es\/web\/wp-json\/wp\/v2\/posts\/1767\/revisions\/1772"}],"wp:featuredmedia":[{"embeddable":true,"href":"https:\/\/old.dosacordes.es\/web\/wp-json\/wp\/v2\/media\/1768"}],"wp:attachment":[{"href":"https:\/\/old.dosacordes.es\/web\/wp-json\/wp\/v2\/media?parent=1767"}],"wp:term":[{"taxonomy":"category","embeddable":true,"href":"https:\/\/old.dosacordes.es\/web\/wp-json\/wp\/v2\/categories?post=1767"},{"taxonomy":"post_tag","embeddable":true,"href":"https:\/\/old.dosacordes.es\/web\/wp-json\/wp\/v2\/tags?post=1767"}],"curies":[{"name":"wp","href":"https:\/\/api.w.org\/{rel}","templated":true}]}}